{"id":301,"date":"2018-03-09T20:59:51","date_gmt":"2018-03-09T20:59:51","guid":{"rendered":"http:\/\/rimagro.com.ar\/web\/?p=301"},"modified":"2023-08-10T02:33:13","modified_gmt":"2023-08-10T02:33:13","slug":"nuestra-empresa-estara-presente-expoagro-del-13-al-16-marzo","status":"publish","type":"post","link":"http:\/\/rimagro.com.ar\/web\/nuestra-empresa-estara-presente-expoagro-del-13-al-16-marzo\/","title":{"rendered":"Nuestra empresa presente en EXPOAGRO 2018"},"content":{"rendered":"<h2><span style=\"color: #000000;\"><em><span style=\"color: #000000;\">RimAgro Soluciones Hort\u00edcolas\u00a0estar\u00e1 presente en la exposici\u00f3n agroindustrial a campo<\/span><strong style=\"color: #000000;\"> abierto m\u00e1s importante de la Argentina. <\/strong><\/em><\/span><\/h2>\n<p><a href=\"http:\/\/rimagro.com.ar\/web\/wp-content\/uploads\/2018\/03\/EXPOAGRO.jpg\"><img fetchpriority=\"high\" decoding=\"async\" class=\"wp-image-302 size-full alignleft\" src=\"http:\/\/rimagro.com.ar\/web\/wp-content\/uploads\/2018\/03\/EXPOAGRO.jpg\" alt=\"EXPOAGRO\" width=\"436\" height=\"336\" srcset=\"http:\/\/rimagro.com.ar\/web\/wp-content\/uploads\/2018\/03\/EXPOAGRO.jpg 436w, http:\/\/rimagro.com.ar\/web\/wp-content\/uploads\/2018\/03\/EXPOAGRO-300x231.jpg 300w\" sizes=\"(max-width: 436px) 100vw, 436px\" \/><\/a><\/p>\n<p>Expoagro se desarrolla en un predio estable ubicado en el km 225 de la ruta nacional 9, en el partido bonaerense de San Nicol\u00e1s, provincia de Buenos Aires, en pleno coraz\u00f3n de la Pampa H\u00fameda argentina y a pocos kil\u00f3metros de los principales centros urbanos del pa\u00eds.<\/p>\n<p>Miles de visitantes de la Argentina y el mundo participan de este mega encuentro de los agronegocios donde la \u00faltima tecnolog\u00eda en maquinaria agr\u00edcola se muestra en movimiento frente a contratistas, productores y p\u00fablico en general, y lo hace acompa\u00f1ada de lo m\u00e1s avanzado en tecnolog\u00edas de insumos y procesos para la actividad.<\/p>\n<p>All\u00ed estaremos esperando su visita para ofrecerles nuestros productos, stand 1240 en horario de 8,30 a 18,30 hs.-RiMagro Soluciones Horticolas estar\u00e1 presente en la exposici\u00f3n agroindustrial a campo abierto m\u00e1s importante de la Argentina. Expoagro se desarrolla en un predio estable ubicado en el km 225 de la ruta nacional 9, en el partido bonaerense de San Nicol\u00e1s, provincia de Buenos Aires, en pleno coraz\u00f3n de la Pampa H\u00fameda argentina y a pocos kil\u00f3metros de los principales centros urbanos del pa\u00eds.<\/p>\n<p>Miles de visitantes de la Argentina y el mundo participan de este mega encuentro de los agronegocios donde la \u00faltima tecnolog\u00eda en maquinaria agr\u00edcola se muestra en movimiento frente a contratistas, productores y p\u00fablico en general, y lo hace acompa\u00f1ada de lo m\u00e1s avanzado en tecnolog\u00edas de insumos y procesos para la actividad.<\/p>\n<p>All\u00ed estaremos esperando su visita para ofrecerles nuestros productos, stand 1240 en horario de 8,30 a 18,30 hs.-<\/p>\n","protected":false},"excerpt":{"rendered":"<p>RimAgro Soluciones Hort\u00edcolas\u00a0estar\u00e1 presente en la exposici\u00f3n agroindustrial a campo abierto m\u00e1s importante de la Argentina. Expoagro se desarrolla en un predio estable ubicado en el km 225 de la ruta nacional 9, en el partido bonaerense de San Nicol\u00e1s, provincia de Buenos Aires, en pleno coraz\u00f3n de la Pampa H\u00fameda argentina y a pocos [&hellip;]<\/p>\n","protected":false},"author":6,"featured_media":302,"comment_status":"open","ping_status":"open","sticky":false,"template":"","format":"standard","meta":{"_joinchat":[],"footnotes":""},"categories":[1],"tags":[],"class_list":["post-301","post","type-post","status-publish","format-standard","has-post-thumbnail","hentry","category-novedades"],"yoast_head":"<!-- This site is optimized with the Yoast SEO plugin v27.5 - https:\/\/yoast.com\/product\/yoast-seo-wordpress\/ -->\n<title>Nuestra empresa presente en EXPOAGRO 2018 -<\/title>\n<meta name=\"robots\" content=\"index, follow, max-snippet:-1, max-image-preview:large, max-video-preview:-1\" \/>\n<link rel=\"canonical\" href=\"http:\/\/rimagro.com.ar\/web\/nuestra-empresa-estara-presente-expoagro-del-13-al-16-marzo\/\" \/>\n<meta property=\"og:locale\" content=\"es_ES\" \/>\n<meta property=\"og:type\" content=\"article\" \/>\n<meta property=\"og:title\" content=\"Nuestra empresa presente en EXPOAGRO 2018 -\" \/>\n<meta property=\"og:description\" content=\"RimAgro Soluciones Hort\u00edcolas\u00a0estar\u00e1 presente en la exposici\u00f3n agroindustrial a campo abierto m\u00e1s importante de la Argentina. Expoagro se desarrolla en un predio estable ubicado en el km 225 de la ruta nacional 9, en el partido bonaerense de San Nicol\u00e1s, provincia de Buenos Aires, en pleno coraz\u00f3n de la Pampa H\u00fameda argentina y a pocos [&hellip;]\" \/>\n<meta property=\"og:url\" content=\"http:\/\/rimagro.com.ar\/web\/nuestra-empresa-estara-presente-expoagro-del-13-al-16-marzo\/\" \/>\n<meta property=\"article:published_time\" content=\"2018-03-09T20:59:51+00:00\" \/>\n<meta property=\"article:modified_time\" content=\"2023-08-10T02:33:13+00:00\" \/>\n<meta property=\"og:image\" content=\"http:\/\/rimagro.com.ar\/web\/wp-content\/uploads\/2018\/03\/EXPOAGRO.jpg\" \/>\n\t<meta property=\"og:image:width\" content=\"436\" \/>\n\t<meta property=\"og:image:height\" content=\"336\" \/>\n\t<meta property=\"og:image:type\" content=\"image\/jpeg\" \/>\n<meta name=\"author\" content=\"RICARDO\" \/>\n<meta name=\"twitter:card\" content=\"summary_large_image\" \/>\n<meta name=\"twitter:label1\" content=\"Escrito por\" \/>\n\t<meta name=\"twitter:data1\" content=\"RICARDO\" \/>\n\t<meta name=\"twitter:label2\" content=\"Tiempo de lectura\" \/>\n\t<meta name=\"twitter:data2\" content=\"1 minuto\" \/>\n<script type=\"application\/ld+json\" class=\"yoast-schema-graph\">{\"@context\":\"https:\\\/\\\/schema.org\",\"@graph\":[{\"@type\":\"Article\",\"@id\":\"http:\\\/\\\/rimagro.com.ar\\\/web\\\/nuestra-empresa-estara-presente-expoagro-del-13-al-16-marzo\\\/#article\",\"isPartOf\":{\"@id\":\"http:\\\/\\\/rimagro.com.ar\\\/web\\\/nuestra-empresa-estara-presente-expoagro-del-13-al-16-marzo\\\/\"},\"author\":{\"name\":\"RICARDO\",\"@id\":\"http:\\\/\\\/rimagro.com.ar\\\/web\\\/#\\\/schema\\\/person\\\/d5cd39ca65b734e78de0d7fd25ec1f97\"},\"headline\":\"Nuestra empresa presente en EXPOAGRO 2018\",\"datePublished\":\"2018-03-09T20:59:51+00:00\",\"dateModified\":\"2023-08-10T02:33:13+00:00\",\"mainEntityOfPage\":{\"@id\":\"http:\\\/\\\/rimagro.com.ar\\\/web\\\/nuestra-empresa-estara-presente-expoagro-del-13-al-16-marzo\\\/\"},\"wordCount\":292,\"commentCount\":0,\"image\":{\"@id\":\"http:\\\/\\\/rimagro.com.ar\\\/web\\\/nuestra-empresa-estara-presente-expoagro-del-13-al-16-marzo\\\/#primaryimage\"},\"thumbnailUrl\":\"http:\\\/\\\/rimagro.com.ar\\\/web\\\/wp-content\\\/uploads\\\/2018\\\/03\\\/EXPOAGRO.jpg\",\"articleSection\":[\"novedades\"],\"inLanguage\":\"es\",\"potentialAction\":[{\"@type\":\"CommentAction\",\"name\":\"Comment\",\"target\":[\"http:\\\/\\\/rimagro.com.ar\\\/web\\\/nuestra-empresa-estara-presente-expoagro-del-13-al-16-marzo\\\/#respond\"]}]},{\"@type\":\"WebPage\",\"@id\":\"http:\\\/\\\/rimagro.com.ar\\\/web\\\/nuestra-empresa-estara-presente-expoagro-del-13-al-16-marzo\\\/\",\"url\":\"http:\\\/\\\/rimagro.com.ar\\\/web\\\/nuestra-empresa-estara-presente-expoagro-del-13-al-16-marzo\\\/\",\"name\":\"Nuestra empresa presente en EXPOAGRO 2018 -\",\"isPartOf\":{\"@id\":\"http:\\\/\\\/rimagro.com.ar\\\/web\\\/#website\"},\"primaryImageOfPage\":{\"@id\":\"http:\\\/\\\/rimagro.com.ar\\\/web\\\/nuestra-empresa-estara-presente-expoagro-del-13-al-16-marzo\\\/#primaryimage\"},\"image\":{\"@id\":\"http:\\\/\\\/rimagro.com.ar\\\/web\\\/nuestra-empresa-estara-presente-expoagro-del-13-al-16-marzo\\\/#primaryimage\"},\"thumbnailUrl\":\"http:\\\/\\\/rimagro.com.ar\\\/web\\\/wp-content\\\/uploads\\\/2018\\\/03\\\/EXPOAGRO.jpg\",\"datePublished\":\"2018-03-09T20:59:51+00:00\",\"dateModified\":\"2023-08-10T02:33:13+00:00\",\"author\":{\"@id\":\"http:\\\/\\\/rimagro.com.ar\\\/web\\\/#\\\/schema\\\/person\\\/d5cd39ca65b734e78de0d7fd25ec1f97\"},\"breadcrumb\":{\"@id\":\"http:\\\/\\\/rimagro.com.ar\\\/web\\\/nuestra-empresa-estara-presente-expoagro-del-13-al-16-marzo\\\/#breadcrumb\"},\"inLanguage\":\"es\",\"potentialAction\":[{\"@type\":\"ReadAction\",\"target\":[\"http:\\\/\\\/rimagro.com.ar\\\/web\\\/nuestra-empresa-estara-presente-expoagro-del-13-al-16-marzo\\\/\"]}]},{\"@type\":\"ImageObject\",\"inLanguage\":\"es\",\"@id\":\"http:\\\/\\\/rimagro.com.ar\\\/web\\\/nuestra-empresa-estara-presente-expoagro-del-13-al-16-marzo\\\/#primaryimage\",\"url\":\"http:\\\/\\\/rimagro.com.ar\\\/web\\\/wp-content\\\/uploads\\\/2018\\\/03\\\/EXPOAGRO.jpg\",\"contentUrl\":\"http:\\\/\\\/rimagro.com.ar\\\/web\\\/wp-content\\\/uploads\\\/2018\\\/03\\\/EXPOAGRO.jpg\",\"width\":436,\"height\":336},{\"@type\":\"BreadcrumbList\",\"@id\":\"http:\\\/\\\/rimagro.com.ar\\\/web\\\/nuestra-empresa-estara-presente-expoagro-del-13-al-16-marzo\\\/#breadcrumb\",\"itemListElement\":[{\"@type\":\"ListItem\",\"position\":1,\"name\":\"Portada\",\"item\":\"http:\\\/\\\/rimagro.com.ar\\\/web\\\/\"},{\"@type\":\"ListItem\",\"position\":2,\"name\":\"Nuestra empresa presente en EXPOAGRO 2018\"}]},{\"@type\":\"WebSite\",\"@id\":\"http:\\\/\\\/rimagro.com.ar\\\/web\\\/#website\",\"url\":\"http:\\\/\\\/rimagro.com.ar\\\/web\\\/\",\"name\":\"\",\"description\":\"\",\"potentialAction\":[{\"@type\":\"SearchAction\",\"target\":{\"@type\":\"EntryPoint\",\"urlTemplate\":\"http:\\\/\\\/rimagro.com.ar\\\/web\\\/?s={search_term_string}\"},\"query-input\":{\"@type\":\"PropertyValueSpecification\",\"valueRequired\":true,\"valueName\":\"search_term_string\"}}],\"inLanguage\":\"es\"},{\"@type\":\"Person\",\"@id\":\"http:\\\/\\\/rimagro.com.ar\\\/web\\\/#\\\/schema\\\/person\\\/d5cd39ca65b734e78de0d7fd25ec1f97\",\"name\":\"RICARDO\",\"image\":{\"@type\":\"ImageObject\",\"inLanguage\":\"es\",\"@id\":\"https:\\\/\\\/secure.gravatar.com\\\/avatar\\\/b249021ebe14a58ef1940e1da4f4c216637ad60ee29929514b0e08046e401c29?s=96&d=mm&r=g\",\"url\":\"https:\\\/\\\/secure.gravatar.com\\\/avatar\\\/b249021ebe14a58ef1940e1da4f4c216637ad60ee29929514b0e08046e401c29?s=96&d=mm&r=g\",\"contentUrl\":\"https:\\\/\\\/secure.gravatar.com\\\/avatar\\\/b249021ebe14a58ef1940e1da4f4c216637ad60ee29929514b0e08046e401c29?s=96&d=mm&r=g\",\"caption\":\"RICARDO\"},\"url\":\"http:\\\/\\\/rimagro.com.ar\\\/web\\\/author\\\/ricardo\\\/\"}]}<\/script>\n<!-- \/ Yoast SEO plugin. -->","yoast_head_json":{"title":"Nuestra empresa presente en EXPOAGRO 2018 -","robots":{"index":"index","follow":"follow","max-snippet":"max-snippet:-1","max-image-preview":"max-image-preview:large","max-video-preview":"max-video-preview:-1"},"canonical":"http:\/\/rimagro.com.ar\/web\/nuestra-empresa-estara-presente-expoagro-del-13-al-16-marzo\/","og_locale":"es_ES","og_type":"article","og_title":"Nuestra empresa presente en EXPOAGRO 2018 -","og_description":"RimAgro Soluciones Hort\u00edcolas\u00a0estar\u00e1 presente en la exposici\u00f3n agroindustrial a campo abierto m\u00e1s importante de la Argentina. Expoagro se desarrolla en un predio estable ubicado en el km 225 de la ruta nacional 9, en el partido bonaerense de San Nicol\u00e1s, provincia de Buenos Aires, en pleno coraz\u00f3n de la Pampa H\u00fameda argentina y a pocos [&hellip;]","og_url":"http:\/\/rimagro.com.ar\/web\/nuestra-empresa-estara-presente-expoagro-del-13-al-16-marzo\/","article_published_time":"2018-03-09T20:59:51+00:00","article_modified_time":"2023-08-10T02:33:13+00:00","og_image":[{"width":436,"height":336,"url":"http:\/\/rimagro.com.ar\/web\/wp-content\/uploads\/2018\/03\/EXPOAGRO.jpg","type":"image\/jpeg"}],"author":"RICARDO","twitter_card":"summary_large_image","twitter_misc":{"Escrito por":"RICARDO","Tiempo de lectura":"1 minuto"},"schema":{"@context":"https:\/\/schema.org","@graph":[{"@type":"Article","@id":"http:\/\/rimagro.com.ar\/web\/nuestra-empresa-estara-presente-expoagro-del-13-al-16-marzo\/#article","isPartOf":{"@id":"http:\/\/rimagro.com.ar\/web\/nuestra-empresa-estara-presente-expoagro-del-13-al-16-marzo\/"},"author":{"name":"RICARDO","@id":"http:\/\/rimagro.com.ar\/web\/#\/schema\/person\/d5cd39ca65b734e78de0d7fd25ec1f97"},"headline":"Nuestra empresa presente en EXPOAGRO 2018","datePublished":"2018-03-09T20:59:51+00:00","dateModified":"2023-08-10T02:33:13+00:00","mainEntityOfPage":{"@id":"http:\/\/rimagro.com.ar\/web\/nuestra-empresa-estara-presente-expoagro-del-13-al-16-marzo\/"},"wordCount":292,"commentCount":0,"image":{"@id":"http:\/\/rimagro.com.ar\/web\/nuestra-empresa-estara-presente-expoagro-del-13-al-16-marzo\/#primaryimage"},"thumbnailUrl":"http:\/\/rimagro.com.ar\/web\/wp-content\/uploads\/2018\/03\/EXPOAGRO.jpg","articleSection":["novedades"],"inLanguage":"es","potentialAction":[{"@type":"CommentAction","name":"Comment","target":["http:\/\/rimagro.com.ar\/web\/nuestra-empresa-estara-presente-expoagro-del-13-al-16-marzo\/#respond"]}]},{"@type":"WebPage","@id":"http:\/\/rimagro.com.ar\/web\/nuestra-empresa-estara-presente-expoagro-del-13-al-16-marzo\/","url":"http:\/\/rimagro.com.ar\/web\/nuestra-empresa-estara-presente-expoagro-del-13-al-16-marzo\/","name":"Nuestra empresa presente en EXPOAGRO 2018 -","isPartOf":{"@id":"http:\/\/rimagro.com.ar\/web\/#website"},"primaryImageOfPage":{"@id":"http:\/\/rimagro.com.ar\/web\/nuestra-empresa-estara-presente-expoagro-del-13-al-16-marzo\/#primaryimage"},"image":{"@id":"http:\/\/rimagro.com.ar\/web\/nuestra-empresa-estara-presente-expoagro-del-13-al-16-marzo\/#primaryimage"},"thumbnailUrl":"http:\/\/rimagro.com.ar\/web\/wp-content\/uploads\/2018\/03\/EXPOAGRO.jpg","datePublished":"2018-03-09T20:59:51+00:00","dateModified":"2023-08-10T02:33:13+00:00","author":{"@id":"http:\/\/rimagro.com.ar\/web\/#\/schema\/person\/d5cd39ca65b734e78de0d7fd25ec1f97"},"breadcrumb":{"@id":"http:\/\/rimagro.com.ar\/web\/nuestra-empresa-estara-presente-expoagro-del-13-al-16-marzo\/#breadcrumb"},"inLanguage":"es","potentialAction":[{"@type":"ReadAction","target":["http:\/\/rimagro.com.ar\/web\/nuestra-empresa-estara-presente-expoagro-del-13-al-16-marzo\/"]}]},{"@type":"ImageObject","inLanguage":"es","@id":"http:\/\/rimagro.com.ar\/web\/nuestra-empresa-estara-presente-expoagro-del-13-al-16-marzo\/#primaryimage","url":"http:\/\/rimagro.com.ar\/web\/wp-content\/uploads\/2018\/03\/EXPOAGRO.jpg","contentUrl":"http:\/\/rimagro.com.ar\/web\/wp-content\/uploads\/2018\/03\/EXPOAGRO.jpg","width":436,"height":336},{"@type":"BreadcrumbList","@id":"http:\/\/rimagro.com.ar\/web\/nuestra-empresa-estara-presente-expoagro-del-13-al-16-marzo\/#breadcrumb","itemListElement":[{"@type":"ListItem","position":1,"name":"Portada","item":"http:\/\/rimagro.com.ar\/web\/"},{"@type":"ListItem","position":2,"name":"Nuestra empresa presente en EXPOAGRO 2018"}]},{"@type":"WebSite","@id":"http:\/\/rimagro.com.ar\/web\/#website","url":"http:\/\/rimagro.com.ar\/web\/","name":"","description":"","potentialAction":[{"@type":"SearchAction","target":{"@type":"EntryPoint","urlTemplate":"http:\/\/rimagro.com.ar\/web\/?s={search_term_string}"},"query-input":{"@type":"PropertyValueSpecification","valueRequired":true,"valueName":"search_term_string"}}],"inLanguage":"es"},{"@type":"Person","@id":"http:\/\/rimagro.com.ar\/web\/#\/schema\/person\/d5cd39ca65b734e78de0d7fd25ec1f97","name":"RICARDO","image":{"@type":"ImageObject","inLanguage":"es","@id":"https:\/\/secure.gravatar.com\/avatar\/b249021ebe14a58ef1940e1da4f4c216637ad60ee29929514b0e08046e401c29?s=96&d=mm&r=g","url":"https:\/\/secure.gravatar.com\/avatar\/b249021ebe14a58ef1940e1da4f4c216637ad60ee29929514b0e08046e401c29?s=96&d=mm&r=g","contentUrl":"https:\/\/secure.gravatar.com\/avatar\/b249021ebe14a58ef1940e1da4f4c216637ad60ee29929514b0e08046e401c29?s=96&d=mm&r=g","caption":"RICARDO"},"url":"http:\/\/rimagro.com.ar\/web\/author\/ricardo\/"}]}},"_links":{"self":[{"href":"http:\/\/rimagro.com.ar\/web\/wp-json\/wp\/v2\/posts\/301","targetHints":{"allow":["GET"]}}],"collection":[{"href":"http:\/\/rimagro.com.ar\/web\/wp-json\/wp\/v2\/posts"}],"about":[{"href":"http:\/\/rimagro.com.ar\/web\/wp-json\/wp\/v2\/types\/post"}],"author":[{"embeddable":true,"href":"http:\/\/rimagro.com.ar\/web\/wp-json\/wp\/v2\/users\/6"}],"replies":[{"embeddable":true,"href":"http:\/\/rimagro.com.ar\/web\/wp-json\/wp\/v2\/comments?post=301"}],"version-history":[{"count":3,"href":"http:\/\/rimagro.com.ar\/web\/wp-json\/wp\/v2\/posts\/301\/revisions"}],"predecessor-version":[{"id":911,"href":"http:\/\/rimagro.com.ar\/web\/wp-json\/wp\/v2\/posts\/301\/revisions\/911"}],"wp:featuredmedia":[{"embeddable":true,"href":"http:\/\/rimagro.com.ar\/web\/wp-json\/wp\/v2\/media\/302"}],"wp:attachment":[{"href":"http:\/\/rimagro.com.ar\/web\/wp-json\/wp\/v2\/media?parent=301"}],"wp:term":[{"taxonomy":"category","embeddable":true,"href":"http:\/\/rimagro.com.ar\/web\/wp-json\/wp\/v2\/categories?post=301"},{"taxonomy":"post_tag","embeddable":true,"href":"http:\/\/rimagro.com.ar\/web\/wp-json\/wp\/v2\/tags?post=301"}],"curies":[{"name":"wp","href":"https:\/\/api.w.org\/{rel}","templated":true}]}}