{"id":290,"date":"2018-02-20T23:23:53","date_gmt":"2018-02-20T23:23:53","guid":{"rendered":"http:\/\/rimagro.com.ar\/web\/?p=290"},"modified":"2023-08-10T02:34:07","modified_gmt":"2023-08-10T02:34:07","slug":"primera-exportacion-rimagro-bolivia","status":"publish","type":"post","link":"http:\/\/rimagro.com.ar\/web\/primera-exportacion-rimagro-bolivia\/","title":{"rendered":"Primera Exportaci\u00f3n de RimAgro a Bolivia"},"content":{"rendered":"<p><strong>La empresa de Bandera, luego de obtener el segundo lugar en los premios Exportar 2017 y del \u00e9xito comercial en M\u00e9xico, incorpora un nuevo mercado de exportaci\u00f3n, con su Cosechadora de Hortalizas, creada y patentada por la empresa. <\/strong><\/p>\n<p><a href=\"http:\/\/rimagro.com.ar\/web\/wp-content\/uploads\/2018\/02\/RIMAGRO.jpg\"><img fetchpriority=\"high\" decoding=\"async\" class=\"alignnone size-full wp-image-291\" src=\"http:\/\/rimagro.com.ar\/web\/wp-content\/uploads\/2018\/02\/RIMAGRO.jpg\" alt=\"RIMAGRO\" width=\"960\" height=\"720\" srcset=\"http:\/\/rimagro.com.ar\/web\/wp-content\/uploads\/2018\/02\/RIMAGRO.jpg 960w, http:\/\/rimagro.com.ar\/web\/wp-content\/uploads\/2018\/02\/RIMAGRO-300x225.jpg 300w, http:\/\/rimagro.com.ar\/web\/wp-content\/uploads\/2018\/02\/RIMAGRO-768x576.jpg 768w\" sizes=\"(max-width: 960px) 100vw, 960px\" \/><\/a><\/p>\n<p><strong>La maquina fue remitida v\u00eda terrestre al comprador Icco Cooperation para el programa RES de COBOCE, a Cochabamba, Estado Plurinacinonal de Bolivia.<\/strong><\/p>\n","protected":false},"excerpt":{"rendered":"<p>La empresa de Bandera, luego de obtener el segundo lugar en los premios Exportar 2017 y del \u00e9xito comercial en M\u00e9xico, incorpora un nuevo mercado de exportaci\u00f3n, con su Cosechadora de Hortalizas, creada y patentada por la empresa. La maquina fue remitida v\u00eda terrestre al comprador Icco Cooperation para el programa RES de COBOCE, a [&hellip;]<\/p>\n","protected":false},"author":6,"featured_media":291,"comment_status":"closed","ping_status":"closed","sticky":true,"template":"","format":"standard","meta":{"_joinchat":[],"footnotes":""},"categories":[1],"tags":[],"class_list":["post-290","post","type-post","status-publish","format-standard","has-post-thumbnail","hentry","category-novedades"],"yoast_head":"<!-- This site is optimized with the Yoast SEO plugin v27.5 - https:\/\/yoast.com\/product\/yoast-seo-wordpress\/ -->\n<title>Primera Exportaci\u00f3n de RimAgro a Bolivia -<\/title>\n<meta name=\"robots\" content=\"index, follow, max-snippet:-1, max-image-preview:large, max-video-preview:-1\" \/>\n<link rel=\"canonical\" href=\"http:\/\/rimagro.com.ar\/web\/primera-exportacion-rimagro-bolivia\/\" \/>\n<meta property=\"og:locale\" content=\"es_ES\" \/>\n<meta property=\"og:type\" content=\"article\" \/>\n<meta property=\"og:title\" content=\"Primera Exportaci\u00f3n de RimAgro a Bolivia -\" \/>\n<meta property=\"og:description\" content=\"La empresa de Bandera, luego de obtener el segundo lugar en los premios Exportar 2017 y del \u00e9xito comercial en M\u00e9xico, incorpora un nuevo mercado de exportaci\u00f3n, con su Cosechadora de Hortalizas, creada y patentada por la empresa. La maquina fue remitida v\u00eda terrestre al comprador Icco Cooperation para el programa RES de COBOCE, a [&hellip;]\" \/>\n<meta property=\"og:url\" content=\"http:\/\/rimagro.com.ar\/web\/primera-exportacion-rimagro-bolivia\/\" \/>\n<meta property=\"article:published_time\" content=\"2018-02-20T23:23:53+00:00\" \/>\n<meta property=\"article:modified_time\" content=\"2023-08-10T02:34:07+00:00\" \/>\n<meta property=\"og:image\" content=\"http:\/\/rimagro.com.ar\/web\/wp-content\/uploads\/2018\/02\/RIMAGRO.jpg\" \/>\n\t<meta property=\"og:image:width\" content=\"960\" \/>\n\t<meta property=\"og:image:height\" content=\"720\" \/>\n\t<meta property=\"og:image:type\" content=\"image\/jpeg\" \/>\n<meta name=\"author\" content=\"RICARDO\" \/>\n<meta name=\"twitter:card\" content=\"summary_large_image\" \/>\n<meta name=\"twitter:label1\" content=\"Escrito por\" \/>\n\t<meta name=\"twitter:data1\" content=\"RICARDO\" \/>\n<script type=\"application\/ld+json\" class=\"yoast-schema-graph\">{\"@context\":\"https:\\\/\\\/schema.org\",\"@graph\":[{\"@type\":\"Article\",\"@id\":\"http:\\\/\\\/rimagro.com.ar\\\/web\\\/primera-exportacion-rimagro-bolivia\\\/#article\",\"isPartOf\":{\"@id\":\"http:\\\/\\\/rimagro.com.ar\\\/web\\\/primera-exportacion-rimagro-bolivia\\\/\"},\"author\":{\"name\":\"RICARDO\",\"@id\":\"http:\\\/\\\/rimagro.com.ar\\\/web\\\/#\\\/schema\\\/person\\\/d5cd39ca65b734e78de0d7fd25ec1f97\"},\"headline\":\"Primera Exportaci\u00f3n de RimAgro a Bolivia\",\"datePublished\":\"2018-02-20T23:23:53+00:00\",\"dateModified\":\"2023-08-10T02:34:07+00:00\",\"mainEntityOfPage\":{\"@id\":\"http:\\\/\\\/rimagro.com.ar\\\/web\\\/primera-exportacion-rimagro-bolivia\\\/\"},\"wordCount\":69,\"image\":{\"@id\":\"http:\\\/\\\/rimagro.com.ar\\\/web\\\/primera-exportacion-rimagro-bolivia\\\/#primaryimage\"},\"thumbnailUrl\":\"http:\\\/\\\/rimagro.com.ar\\\/web\\\/wp-content\\\/uploads\\\/2018\\\/02\\\/RIMAGRO.jpg\",\"articleSection\":[\"novedades\"],\"inLanguage\":\"es\"},{\"@type\":\"WebPage\",\"@id\":\"http:\\\/\\\/rimagro.com.ar\\\/web\\\/primera-exportacion-rimagro-bolivia\\\/\",\"url\":\"http:\\\/\\\/rimagro.com.ar\\\/web\\\/primera-exportacion-rimagro-bolivia\\\/\",\"name\":\"Primera Exportaci\u00f3n de RimAgro a Bolivia -\",\"isPartOf\":{\"@id\":\"http:\\\/\\\/rimagro.com.ar\\\/web\\\/#website\"},\"primaryImageOfPage\":{\"@id\":\"http:\\\/\\\/rimagro.com.ar\\\/web\\\/primera-exportacion-rimagro-bolivia\\\/#primaryimage\"},\"image\":{\"@id\":\"http:\\\/\\\/rimagro.com.ar\\\/web\\\/primera-exportacion-rimagro-bolivia\\\/#primaryimage\"},\"thumbnailUrl\":\"http:\\\/\\\/rimagro.com.ar\\\/web\\\/wp-content\\\/uploads\\\/2018\\\/02\\\/RIMAGRO.jpg\",\"datePublished\":\"2018-02-20T23:23:53+00:00\",\"dateModified\":\"2023-08-10T02:34:07+00:00\",\"author\":{\"@id\":\"http:\\\/\\\/rimagro.com.ar\\\/web\\\/#\\\/schema\\\/person\\\/d5cd39ca65b734e78de0d7fd25ec1f97\"},\"breadcrumb\":{\"@id\":\"http:\\\/\\\/rimagro.com.ar\\\/web\\\/primera-exportacion-rimagro-bolivia\\\/#breadcrumb\"},\"inLanguage\":\"es\",\"potentialAction\":[{\"@type\":\"ReadAction\",\"target\":[\"http:\\\/\\\/rimagro.com.ar\\\/web\\\/primera-exportacion-rimagro-bolivia\\\/\"]}]},{\"@type\":\"ImageObject\",\"inLanguage\":\"es\",\"@id\":\"http:\\\/\\\/rimagro.com.ar\\\/web\\\/primera-exportacion-rimagro-bolivia\\\/#primaryimage\",\"url\":\"http:\\\/\\\/rimagro.com.ar\\\/web\\\/wp-content\\\/uploads\\\/2018\\\/02\\\/RIMAGRO.jpg\",\"contentUrl\":\"http:\\\/\\\/rimagro.com.ar\\\/web\\\/wp-content\\\/uploads\\\/2018\\\/02\\\/RIMAGRO.jpg\",\"width\":960,\"height\":720},{\"@type\":\"BreadcrumbList\",\"@id\":\"http:\\\/\\\/rimagro.com.ar\\\/web\\\/primera-exportacion-rimagro-bolivia\\\/#breadcrumb\",\"itemListElement\":[{\"@type\":\"ListItem\",\"position\":1,\"name\":\"Portada\",\"item\":\"http:\\\/\\\/rimagro.com.ar\\\/web\\\/\"},{\"@type\":\"ListItem\",\"position\":2,\"name\":\"Primera Exportaci\u00f3n de RimAgro a Bolivia\"}]},{\"@type\":\"WebSite\",\"@id\":\"http:\\\/\\\/rimagro.com.ar\\\/web\\\/#website\",\"url\":\"http:\\\/\\\/rimagro.com.ar\\\/web\\\/\",\"name\":\"\",\"description\":\"\",\"potentialAction\":[{\"@type\":\"SearchAction\",\"target\":{\"@type\":\"EntryPoint\",\"urlTemplate\":\"http:\\\/\\\/rimagro.com.ar\\\/web\\\/?s={search_term_string}\"},\"query-input\":{\"@type\":\"PropertyValueSpecification\",\"valueRequired\":true,\"valueName\":\"search_term_string\"}}],\"inLanguage\":\"es\"},{\"@type\":\"Person\",\"@id\":\"http:\\\/\\\/rimagro.com.ar\\\/web\\\/#\\\/schema\\\/person\\\/d5cd39ca65b734e78de0d7fd25ec1f97\",\"name\":\"RICARDO\",\"image\":{\"@type\":\"ImageObject\",\"inLanguage\":\"es\",\"@id\":\"https:\\\/\\\/secure.gravatar.com\\\/avatar\\\/b249021ebe14a58ef1940e1da4f4c216637ad60ee29929514b0e08046e401c29?s=96&d=mm&r=g\",\"url\":\"https:\\\/\\\/secure.gravatar.com\\\/avatar\\\/b249021ebe14a58ef1940e1da4f4c216637ad60ee29929514b0e08046e401c29?s=96&d=mm&r=g\",\"contentUrl\":\"https:\\\/\\\/secure.gravatar.com\\\/avatar\\\/b249021ebe14a58ef1940e1da4f4c216637ad60ee29929514b0e08046e401c29?s=96&d=mm&r=g\",\"caption\":\"RICARDO\"},\"url\":\"http:\\\/\\\/rimagro.com.ar\\\/web\\\/author\\\/ricardo\\\/\"}]}<\/script>\n<!-- \/ Yoast SEO plugin. -->","yoast_head_json":{"title":"Primera Exportaci\u00f3n de RimAgro a Bolivia -","robots":{"index":"index","follow":"follow","max-snippet":"max-snippet:-1","max-image-preview":"max-image-preview:large","max-video-preview":"max-video-preview:-1"},"canonical":"http:\/\/rimagro.com.ar\/web\/primera-exportacion-rimagro-bolivia\/","og_locale":"es_ES","og_type":"article","og_title":"Primera Exportaci\u00f3n de RimAgro a Bolivia -","og_description":"La empresa de Bandera, luego de obtener el segundo lugar en los premios Exportar 2017 y del \u00e9xito comercial en M\u00e9xico, incorpora un nuevo mercado de exportaci\u00f3n, con su Cosechadora de Hortalizas, creada y patentada por la empresa. La maquina fue remitida v\u00eda terrestre al comprador Icco Cooperation para el programa RES de COBOCE, a [&hellip;]","og_url":"http:\/\/rimagro.com.ar\/web\/primera-exportacion-rimagro-bolivia\/","article_published_time":"2018-02-20T23:23:53+00:00","article_modified_time":"2023-08-10T02:34:07+00:00","og_image":[{"width":960,"height":720,"url":"http:\/\/rimagro.com.ar\/web\/wp-content\/uploads\/2018\/02\/RIMAGRO.jpg","type":"image\/jpeg"}],"author":"RICARDO","twitter_card":"summary_large_image","twitter_misc":{"Escrito por":"RICARDO"},"schema":{"@context":"https:\/\/schema.org","@graph":[{"@type":"Article","@id":"http:\/\/rimagro.com.ar\/web\/primera-exportacion-rimagro-bolivia\/#article","isPartOf":{"@id":"http:\/\/rimagro.com.ar\/web\/primera-exportacion-rimagro-bolivia\/"},"author":{"name":"RICARDO","@id":"http:\/\/rimagro.com.ar\/web\/#\/schema\/person\/d5cd39ca65b734e78de0d7fd25ec1f97"},"headline":"Primera Exportaci\u00f3n de RimAgro a Bolivia","datePublished":"2018-02-20T23:23:53+00:00","dateModified":"2023-08-10T02:34:07+00:00","mainEntityOfPage":{"@id":"http:\/\/rimagro.com.ar\/web\/primera-exportacion-rimagro-bolivia\/"},"wordCount":69,"image":{"@id":"http:\/\/rimagro.com.ar\/web\/primera-exportacion-rimagro-bolivia\/#primaryimage"},"thumbnailUrl":"http:\/\/rimagro.com.ar\/web\/wp-content\/uploads\/2018\/02\/RIMAGRO.jpg","articleSection":["novedades"],"inLanguage":"es"},{"@type":"WebPage","@id":"http:\/\/rimagro.com.ar\/web\/primera-exportacion-rimagro-bolivia\/","url":"http:\/\/rimagro.com.ar\/web\/primera-exportacion-rimagro-bolivia\/","name":"Primera Exportaci\u00f3n de RimAgro a Bolivia -","isPartOf":{"@id":"http:\/\/rimagro.com.ar\/web\/#website"},"primaryImageOfPage":{"@id":"http:\/\/rimagro.com.ar\/web\/primera-exportacion-rimagro-bolivia\/#primaryimage"},"image":{"@id":"http:\/\/rimagro.com.ar\/web\/primera-exportacion-rimagro-bolivia\/#primaryimage"},"thumbnailUrl":"http:\/\/rimagro.com.ar\/web\/wp-content\/uploads\/2018\/02\/RIMAGRO.jpg","datePublished":"2018-02-20T23:23:53+00:00","dateModified":"2023-08-10T02:34:07+00:00","author":{"@id":"http:\/\/rimagro.com.ar\/web\/#\/schema\/person\/d5cd39ca65b734e78de0d7fd25ec1f97"},"breadcrumb":{"@id":"http:\/\/rimagro.com.ar\/web\/primera-exportacion-rimagro-bolivia\/#breadcrumb"},"inLanguage":"es","potentialAction":[{"@type":"ReadAction","target":["http:\/\/rimagro.com.ar\/web\/primera-exportacion-rimagro-bolivia\/"]}]},{"@type":"ImageObject","inLanguage":"es","@id":"http:\/\/rimagro.com.ar\/web\/primera-exportacion-rimagro-bolivia\/#primaryimage","url":"http:\/\/rimagro.com.ar\/web\/wp-content\/uploads\/2018\/02\/RIMAGRO.jpg","contentUrl":"http:\/\/rimagro.com.ar\/web\/wp-content\/uploads\/2018\/02\/RIMAGRO.jpg","width":960,"height":720},{"@type":"BreadcrumbList","@id":"http:\/\/rimagro.com.ar\/web\/primera-exportacion-rimagro-bolivia\/#breadcrumb","itemListElement":[{"@type":"ListItem","position":1,"name":"Portada","item":"http:\/\/rimagro.com.ar\/web\/"},{"@type":"ListItem","position":2,"name":"Primera Exportaci\u00f3n de RimAgro a Bolivia"}]},{"@type":"WebSite","@id":"http:\/\/rimagro.com.ar\/web\/#website","url":"http:\/\/rimagro.com.ar\/web\/","name":"","description":"","potentialAction":[{"@type":"SearchAction","target":{"@type":"EntryPoint","urlTemplate":"http:\/\/rimagro.com.ar\/web\/?s={search_term_string}"},"query-input":{"@type":"PropertyValueSpecification","valueRequired":true,"valueName":"search_term_string"}}],"inLanguage":"es"},{"@type":"Person","@id":"http:\/\/rimagro.com.ar\/web\/#\/schema\/person\/d5cd39ca65b734e78de0d7fd25ec1f97","name":"RICARDO","image":{"@type":"ImageObject","inLanguage":"es","@id":"https:\/\/secure.gravatar.com\/avatar\/b249021ebe14a58ef1940e1da4f4c216637ad60ee29929514b0e08046e401c29?s=96&d=mm&r=g","url":"https:\/\/secure.gravatar.com\/avatar\/b249021ebe14a58ef1940e1da4f4c216637ad60ee29929514b0e08046e401c29?s=96&d=mm&r=g","contentUrl":"https:\/\/secure.gravatar.com\/avatar\/b249021ebe14a58ef1940e1da4f4c216637ad60ee29929514b0e08046e401c29?s=96&d=mm&r=g","caption":"RICARDO"},"url":"http:\/\/rimagro.com.ar\/web\/author\/ricardo\/"}]}},"_links":{"self":[{"href":"http:\/\/rimagro.com.ar\/web\/wp-json\/wp\/v2\/posts\/290","targetHints":{"allow":["GET"]}}],"collection":[{"href":"http:\/\/rimagro.com.ar\/web\/wp-json\/wp\/v2\/posts"}],"about":[{"href":"http:\/\/rimagro.com.ar\/web\/wp-json\/wp\/v2\/types\/post"}],"author":[{"embeddable":true,"href":"http:\/\/rimagro.com.ar\/web\/wp-json\/wp\/v2\/users\/6"}],"replies":[{"embeddable":true,"href":"http:\/\/rimagro.com.ar\/web\/wp-json\/wp\/v2\/comments?post=290"}],"version-history":[{"count":2,"href":"http:\/\/rimagro.com.ar\/web\/wp-json\/wp\/v2\/posts\/290\/revisions"}],"predecessor-version":[{"id":912,"href":"http:\/\/rimagro.com.ar\/web\/wp-json\/wp\/v2\/posts\/290\/revisions\/912"}],"wp:featuredmedia":[{"embeddable":true,"href":"http:\/\/rimagro.com.ar\/web\/wp-json\/wp\/v2\/media\/291"}],"wp:attachment":[{"href":"http:\/\/rimagro.com.ar\/web\/wp-json\/wp\/v2\/media?parent=290"}],"wp:term":[{"taxonomy":"category","embeddable":true,"href":"http:\/\/rimagro.com.ar\/web\/wp-json\/wp\/v2\/categories?post=290"},{"taxonomy":"post_tag","embeddable":true,"href":"http:\/\/rimagro.com.ar\/web\/wp-json\/wp\/v2\/tags?post=290"}],"curies":[{"name":"wp","href":"https:\/\/api.w.org\/{rel}","templated":true}]}}